{"id":4358,"date":"2015-04-17T02:37:59","date_gmt":"2015-04-17T00:37:59","guid":{"rendered":"http:\/\/campodarsegovolley.it\/wordpress\/?p=4358"},"modified":"2015-04-17T02:37:59","modified_gmt":"2015-04-17T00:37:59","slug":"torneo-di-pordenone-2015","status":"publish","type":"post","link":"http:\/\/campodarsegovolley.it\/wordpress\/?p=4358","title":{"rendered":"Torneo di Pordenone 2015"},"content":{"rendered":"<p>Seppur con numeri striminziti (7 atleti) venerd\u00ec 3 aprile siamo partiti da Campodarsego verso le ore 7.45 con destinazione San Quirino di Pordenone ove, alle ore 11.30 avevamo la prima gara con la \u201cRappresentativa del Friuli Venezia Giulia\u201d. Alla partenza, oltre agli atleti, c\u2019era l\u2019allenatore <strong>Corsini Andrea<\/strong>, il Dirigente<strong> Zulin Davide<\/strong>, io (<strong>Maurizio Marini <\/strong><em>n.d.r.<\/em>) e <strong>Dal Pozzo Nicola<\/strong>, il pap\u00e0 di un atleta. Arrivo tranquillo a San Quirino verso le 9,30; poi espletate le formalit\u00e0 di rito con gli organizzatori, peraltro impeccabili, abbiamo assistito ad una gara in corso, con squadre che sarebbero poi state anche nostre avversarie. Ecco che arriva il nostro turno con la prima gara contro la \u00a0\u201cRappresentativa del Friuli Venezia Giulia\u201d, squadra che si dimostra subito \u201ctosta\u201d con capacit\u00e0 tecnico-agonistiche di ottimo livello. I nostri ragazzi, forse a causa del viaggio, del sonno mancato, faticano ad imporre il proprio gioco e subiscono le iniziative dell\u2019avversario che vince con un netto 2 a 0. Nessun problema, i ragazzi vengono tranquillizzati dal Coach e spronati a pensare ai prossimi incontri del pomeriggio contro il Conegliano e, a seguire, contro una compagine tedesca. Andiamo tutti a mangiare al Ristorante \u201cStella\u201d l\u00ec vicino ove ci accoglie sempre un membro dell\u2019Organizzazione del Torneo (presenza immancabile ad ogni occasione). Rientriamo in palestra e reiniziano le \u201cdanze\u201d. Con il Conegliano, squadra sicuramente meno performante della Rappresentativa F.V.G. \u00a0la squadra del CDS VOLLEY non fatica pi\u00f9 di tanto ad imporsi con un secco 2 a 0.<\/p>\n<p>A seguire incontriamo una squadra tedesca, anche questa di livello inferiore della rappresentativa F.V.G. ma coriacea ed infatti, con una gara dai ritmi altalenanti, riusciamo, comunque, a strappare la vittoria con un 2 a 1. Un risultato che ci porta al sabato a disputare la prima gara di semifinale con una compagine slovena che, se vinta, ci aprirebbe le porte alla Finalissima per il primo e secondo posto e, se persa, ci da l\u2019accesso alla Finalina per il terzo e quarto posto. Gara combattutissima da ambo le squadre con ritmi elevati e continui cambiamenti di fronte; il sabato ci raggiungono anche altri genitori di atleti che contribuiscono a fare un tifo \u201cchiassoso\u201d ma sempre rispettoso degli avversari. Alla fine vincono gli sloveni con un 2 a 1 molto sudato che accedono alla Finalissima del pomeriggio per il 1\u00b0 e 2\u00b0 posto. Noi, un po\u2019 dispiaciuti, ma comunque soddisfatti della prestazione, andiamo nel pomeriggio, a giocarci la Finalina del 3\u00b0 e 4\u00b0 posto contro una compagine austriaca del Vienna. Il primo set ci vede un po\u2019 in difficolt\u00e0 e subiamo gli attacchi degli austriaci a cui non sappiamo imporre le contromisure e perdiamo il primo set. Il Coach, durante il riposo tra i set, da la carica ai ragazzi che rientrano motivati e concentrati; il secondo set \u00e8 un\u2019altra storia e il CDS si impone senza particolari difficolt\u00e0. Si va al Tie-Brak con la consapevolezza che ce lo dobbiamo giocare sino in fondo per ottenere un buon 3\u00b0 posto assoluto. In avvio del terzo set gli austriaci cercano di fare la lepre, e per un po\u2019 ci riescono, poi i nostri ragazzi, con un tifo sfrenato dei \u201csupporter\u201d presenti, si scuotono ed iniziano una rimonta inesorabile che li porta a vincere il terzo set e quindi aggiudicarsi il terzo gradino nella categoria Under 15 maschile (su 8 squadre partecipanti). Ovviamente i nostri atleti, Coach, Dirigente e supporter, sono molto soddisfatti del risultato finale, anche in virt\u00f9 del modo in cui \u00e8 maturato. Nel pomeriggio ci spostiamo su un altro impianto per assistere alla Finale 1\u00b0 e 2\u00b0 di Under 15 che vede la Rappresentativa F.V.G. affrontare la compagine dei sloveni. La gara prende subito una piega a favore della Rappresentativa che non fatica pi\u00f9 di tanto a portare a casa un secco 2 a 0 aggiudicandosi il primo posto della categoria U15m. Ora, al di l\u00e0 dei risultati, che fanno comunque piacere, \u00e8 importante sottolineare lo spirito delle squadre partecipanti al torneo (n. 48 in totale); con atleti in campo, e fuori, di una correttezza e fair play, di assoluto rilievo. Ragazzi e ragazze che si ritrovano sul campo prima delle premiazioni conclusive parlandosi tranquillamente e scambiandosi\u00a0 opinioni \u00a0su temi anche diversi dalla pallavolo. Alla fine tutti i ragazzi venivano applauditi da pubblico e compagni, a prescindere dal risultato ottenuto, e la soddisfazione dei ragazzi era piena solo per il fatto di esserci, assieme a tanti altri ragazzi, anche stranieri, con cui non capita tutti i giorni di potersi confrontare.<\/p>\n<p>Esperienza sicuramente positiva per i ragazzi, e loro accompagnatori, che dovrebbe, talvolta, far riflettere sul reale significato dello sport, dove aggregazione e sacrificio dovrebbero sostituire invidie e\/o malumori generati, per lo pi\u00f9, da futili motivi.<\/p>\n<!-- index.php -->\n<div\n\tclass=\"ngg-galleryoverview\"\n\tid=\"ngg-gallery-edb6d5efce0fd1fd8aeed13a182312ae-1\">\n\n    \t\t<!-- Thumbnails -->\n\t\t\t\t<div id=\"ngg-image-0\" class=\"ngg-gallery-thumbnail-box\" >\n\t\t\t\t        <div class=\"ngg-gallery-thumbnail\">\n            <a href=\"http:\/\/campodarsegovolley.it\/wordpress\/wp-content\/gallery\/foto20150404pn\/20150403_113625.jpg\"\n               title=\"\"\n               data-src=\"http:\/\/campodarsegovolley.it\/wordpress\/wp-content\/gallery\/foto20150404pn\/20150403_113625.jpg\"\n               data-thumbnail=\"http:\/\/campodarsegovolley.it\/wordpress\/wp-content\/gallery\/foto20150404pn\/thumbs\/thumbs_20150403_113625.jpg\"\n               data-image-id=\"2104\"\n               data-title=\"20150403_113625.jpg\"\n               data-description=\"\"\n               data-image-slug=\"20150403_113625-jpg\"\n               class=\"ngg-fancybox\" rel=\"edb6d5efce0fd1fd8aeed13a182312ae\">\n                <img\n                    title=\"20150403_113625.jpg\"\n                    alt=\"20150403_113625.jpg\"\n                    src=\"http:\/\/campodarsegovolley.it\/wordpress\/wp-content\/gallery\/foto20150404pn\/thumbs\/thumbs_20150403_113625.jpg\"\n                    width=\"120\"\n                    height=\"90\"\n                    style=\"max-width:100%;\"\n                \/>\n            <\/a>\n        <\/div>\n\t\t\t\t\t\t\t<\/div> \n\t\t\t\n        \n\t\t\t\t<div id=\"ngg-image-1\" class=\"ngg-gallery-thumbnail-box\" >\n\t\t\t\t        <div class=\"ngg-gallery-thumbnail\">\n            <a href=\"http:\/\/campodarsegovolley.it\/wordpress\/wp-content\/gallery\/foto20150404pn\/20150403_113633.jpg\"\n               title=\"\"\n               data-src=\"http:\/\/campodarsegovolley.it\/wordpress\/wp-content\/gallery\/foto20150404pn\/20150403_113633.jpg\"\n               data-thumbnail=\"http:\/\/campodarsegovolley.it\/wordpress\/wp-content\/gallery\/foto20150404pn\/thumbs\/thumbs_20150403_113633.jpg\"\n               data-image-id=\"2105\"\n               data-title=\"20150403_113633.jpg\"\n               data-description=\"\"\n               data-image-slug=\"20150403_113633-jpg\"\n               class=\"ngg-fancybox\" rel=\"edb6d5efce0fd1fd8aeed13a182312ae\">\n                <img\n                    title=\"20150403_113633.jpg\"\n                    alt=\"20150403_113633.jpg\"\n                    src=\"http:\/\/campodarsegovolley.it\/wordpress\/wp-content\/gallery\/foto20150404pn\/thumbs\/thumbs_20150403_113633.jpg\"\n                    width=\"120\"\n                    height=\"90\"\n                    style=\"max-width:100%;\"\n                \/>\n            <\/a>\n        <\/div>\n\t\t\t\t\t\t\t<\/div> \n\t\t\t\n        \n\t\t\t\t<div id=\"ngg-image-2\" class=\"ngg-gallery-thumbnail-box\" >\n\t\t\t\t        <div class=\"ngg-gallery-thumbnail\">\n            <a href=\"http:\/\/campodarsegovolley.it\/wordpress\/wp-content\/gallery\/foto20150404pn\/20150403_133911.jpg\"\n               title=\"\"\n               data-src=\"http:\/\/campodarsegovolley.it\/wordpress\/wp-content\/gallery\/foto20150404pn\/20150403_133911.jpg\"\n               data-thumbnail=\"http:\/\/campodarsegovolley.it\/wordpress\/wp-content\/gallery\/foto20150404pn\/thumbs\/thumbs_20150403_133911.jpg\"\n               data-image-id=\"2106\"\n               data-title=\"20150403_133911.jpg\"\n               data-description=\"\"\n               data-image-slug=\"20150403_133911-jpg\"\n               class=\"ngg-fancybox\" rel=\"edb6d5efce0fd1fd8aeed13a182312ae\">\n                <img\n                    title=\"20150403_133911.jpg\"\n                    alt=\"20150403_133911.jpg\"\n                    src=\"http:\/\/campodarsegovolley.it\/wordpress\/wp-content\/gallery\/foto20150404pn\/thumbs\/thumbs_20150403_133911.jpg\"\n                    width=\"120\"\n                    height=\"90\"\n                    style=\"max-width:100%;\"\n                \/>\n            <\/a>\n        <\/div>\n\t\t\t\t\t\t\t<\/div> \n\t\t\t\n        \n\t\t\t\t<div id=\"ngg-image-3\" class=\"ngg-gallery-thumbnail-box\" >\n\t\t\t\t        <div class=\"ngg-gallery-thumbnail\">\n            <a href=\"http:\/\/campodarsegovolley.it\/wordpress\/wp-content\/gallery\/foto20150404pn\/20150403_133926.jpg\"\n               title=\"\"\n               data-src=\"http:\/\/campodarsegovolley.it\/wordpress\/wp-content\/gallery\/foto20150404pn\/20150403_133926.jpg\"\n               data-thumbnail=\"http:\/\/campodarsegovolley.it\/wordpress\/wp-content\/gallery\/foto20150404pn\/thumbs\/thumbs_20150403_133926.jpg\"\n               data-image-id=\"2107\"\n               data-title=\"20150403_133926.jpg\"\n               data-description=\"\"\n               data-image-slug=\"20150403_133926-jpg\"\n               class=\"ngg-fancybox\" rel=\"edb6d5efce0fd1fd8aeed13a182312ae\">\n                <img\n                    title=\"20150403_133926.jpg\"\n                    alt=\"20150403_133926.jpg\"\n                    src=\"http:\/\/campodarsegovolley.it\/wordpress\/wp-content\/gallery\/foto20150404pn\/thumbs\/thumbs_20150403_133926.jpg\"\n                    width=\"120\"\n                    height=\"90\"\n                    style=\"max-width:100%;\"\n                \/>\n            <\/a>\n        <\/div>\n\t\t\t\t\t\t\t<\/div> \n\t\t\t\n        \n\t\t\t\t<div id=\"ngg-image-4\" class=\"ngg-gallery-thumbnail-box\" >\n\t\t\t\t        <div class=\"ngg-gallery-thumbnail\">\n            <a href=\"http:\/\/campodarsegovolley.it\/wordpress\/wp-content\/gallery\/foto20150404pn\/20150403_133935.jpg\"\n               title=\"\"\n               data-src=\"http:\/\/campodarsegovolley.it\/wordpress\/wp-content\/gallery\/foto20150404pn\/20150403_133935.jpg\"\n               data-thumbnail=\"http:\/\/campodarsegovolley.it\/wordpress\/wp-content\/gallery\/foto20150404pn\/thumbs\/thumbs_20150403_133935.jpg\"\n               data-image-id=\"2108\"\n               data-title=\"20150403_133935.jpg\"\n               data-description=\"\"\n               data-image-slug=\"20150403_133935-jpg\"\n               class=\"ngg-fancybox\" rel=\"edb6d5efce0fd1fd8aeed13a182312ae\">\n                <img\n                    title=\"20150403_133935.jpg\"\n                    alt=\"20150403_133935.jpg\"\n                    src=\"http:\/\/campodarsegovolley.it\/wordpress\/wp-content\/gallery\/foto20150404pn\/thumbs\/thumbs_20150403_133935.jpg\"\n                    width=\"120\"\n                    height=\"90\"\n                    style=\"max-width:100%;\"\n                \/>\n            <\/a>\n        <\/div>\n\t\t\t\t\t\t\t<\/div> \n\t\t\t\n        \n\t\t\t\t<div id=\"ngg-image-5\" class=\"ngg-gallery-thumbnail-box\" >\n\t\t\t\t        <div class=\"ngg-gallery-thumbnail\">\n            <a href=\"http:\/\/campodarsegovolley.it\/wordpress\/wp-content\/gallery\/foto20150404pn\/20150403_143732.jpg\"\n               title=\"\"\n               data-src=\"http:\/\/campodarsegovolley.it\/wordpress\/wp-content\/gallery\/foto20150404pn\/20150403_143732.jpg\"\n               data-thumbnail=\"http:\/\/campodarsegovolley.it\/wordpress\/wp-content\/gallery\/foto20150404pn\/thumbs\/thumbs_20150403_143732.jpg\"\n               data-image-id=\"2109\"\n               data-title=\"20150403_143732.jpg\"\n               data-description=\"\"\n               data-image-slug=\"20150403_143732-jpg\"\n               class=\"ngg-fancybox\" rel=\"edb6d5efce0fd1fd8aeed13a182312ae\">\n                <img\n                    title=\"20150403_143732.jpg\"\n                    alt=\"20150403_143732.jpg\"\n                    src=\"http:\/\/campodarsegovolley.it\/wordpress\/wp-content\/gallery\/foto20150404pn\/thumbs\/thumbs_20150403_143732.jpg\"\n                    width=\"120\"\n                    height=\"90\"\n                    style=\"max-width:100%;\"\n                \/>\n            <\/a>\n        <\/div>\n\t\t\t\t\t\t\t<\/div> \n\t\t\t\n        \n\t\t\t\t<div id=\"ngg-image-6\" class=\"ngg-gallery-thumbnail-box\" >\n\t\t\t\t        <div class=\"ngg-gallery-thumbnail\">\n            <a href=\"http:\/\/campodarsegovolley.it\/wordpress\/wp-content\/gallery\/foto20150404pn\/20150403_143740.jpg\"\n               title=\"\"\n               data-src=\"http:\/\/campodarsegovolley.it\/wordpress\/wp-content\/gallery\/foto20150404pn\/20150403_143740.jpg\"\n               data-thumbnail=\"http:\/\/campodarsegovolley.it\/wordpress\/wp-content\/gallery\/foto20150404pn\/thumbs\/thumbs_20150403_143740.jpg\"\n               data-image-id=\"2110\"\n               data-title=\"20150403_143740.jpg\"\n               data-description=\"\"\n               data-image-slug=\"20150403_143740-jpg\"\n               class=\"ngg-fancybox\" rel=\"edb6d5efce0fd1fd8aeed13a182312ae\">\n                <img\n                    title=\"20150403_143740.jpg\"\n                    alt=\"20150403_143740.jpg\"\n                    src=\"http:\/\/campodarsegovolley.it\/wordpress\/wp-content\/gallery\/foto20150404pn\/thumbs\/thumbs_20150403_143740.jpg\"\n                    width=\"120\"\n                    height=\"90\"\n                    style=\"max-width:100%;\"\n                \/>\n            <\/a>\n        <\/div>\n\t\t\t\t\t\t\t<\/div> \n\t\t\t\n        \n\t\t\t\t<div id=\"ngg-image-7\" class=\"ngg-gallery-thumbnail-box\" >\n\t\t\t\t        <div class=\"ngg-gallery-thumbnail\">\n            <a href=\"http:\/\/campodarsegovolley.it\/wordpress\/wp-content\/gallery\/foto20150404pn\/20150403_143814.jpg\"\n               title=\"\"\n               data-src=\"http:\/\/campodarsegovolley.it\/wordpress\/wp-content\/gallery\/foto20150404pn\/20150403_143814.jpg\"\n               data-thumbnail=\"http:\/\/campodarsegovolley.it\/wordpress\/wp-content\/gallery\/foto20150404pn\/thumbs\/thumbs_20150403_143814.jpg\"\n               data-image-id=\"2111\"\n               data-title=\"20150403_143814.jpg\"\n               data-description=\"\"\n               data-image-slug=\"20150403_143814-jpg\"\n               class=\"ngg-fancybox\" rel=\"edb6d5efce0fd1fd8aeed13a182312ae\">\n                <img\n                    title=\"20150403_143814.jpg\"\n                    alt=\"20150403_143814.jpg\"\n                    src=\"http:\/\/campodarsegovolley.it\/wordpress\/wp-content\/gallery\/foto20150404pn\/thumbs\/thumbs_20150403_143814.jpg\"\n                    width=\"120\"\n                    height=\"90\"\n                    style=\"max-width:100%;\"\n                \/>\n            <\/a>\n        <\/div>\n\t\t\t\t\t\t\t<\/div> \n\t\t\t\n        \n\t\t\t\t<div id=\"ngg-image-8\" class=\"ngg-gallery-thumbnail-box\" >\n\t\t\t\t        <div class=\"ngg-gallery-thumbnail\">\n            <a href=\"http:\/\/campodarsegovolley.it\/wordpress\/wp-content\/gallery\/foto20150404pn\/20150403_143832.jpg\"\n               title=\"\"\n               data-src=\"http:\/\/campodarsegovolley.it\/wordpress\/wp-content\/gallery\/foto20150404pn\/20150403_143832.jpg\"\n               data-thumbnail=\"http:\/\/campodarsegovolley.it\/wordpress\/wp-content\/gallery\/foto20150404pn\/thumbs\/thumbs_20150403_143832.jpg\"\n               data-image-id=\"2112\"\n               data-title=\"20150403_143832.jpg\"\n               data-description=\"\"\n               data-image-slug=\"20150403_143832-jpg\"\n               class=\"ngg-fancybox\" rel=\"edb6d5efce0fd1fd8aeed13a182312ae\">\n                <img\n                    title=\"20150403_143832.jpg\"\n                    alt=\"20150403_143832.jpg\"\n                    src=\"http:\/\/campodarsegovolley.it\/wordpress\/wp-content\/gallery\/foto20150404pn\/thumbs\/thumbs_20150403_143832.jpg\"\n                    width=\"120\"\n                    height=\"90\"\n                    style=\"max-width:100%;\"\n                \/>\n            <\/a>\n        <\/div>\n\t\t\t\t\t\t\t<\/div> \n\t\t\t\n        \n\t\t\t\t<div id=\"ngg-image-9\" class=\"ngg-gallery-thumbnail-box\" >\n\t\t\t\t        <div class=\"ngg-gallery-thumbnail\">\n            <a href=\"http:\/\/campodarsegovolley.it\/wordpress\/wp-content\/gallery\/foto20150404pn\/20150403_143843.jpg\"\n               title=\"\"\n               data-src=\"http:\/\/campodarsegovolley.it\/wordpress\/wp-content\/gallery\/foto20150404pn\/20150403_143843.jpg\"\n               data-thumbnail=\"http:\/\/campodarsegovolley.it\/wordpress\/wp-content\/gallery\/foto20150404pn\/thumbs\/thumbs_20150403_143843.jpg\"\n               data-image-id=\"2113\"\n               data-title=\"20150403_143843.jpg\"\n               data-description=\"\"\n               data-image-slug=\"20150403_143843-jpg\"\n               class=\"ngg-fancybox\" rel=\"edb6d5efce0fd1fd8aeed13a182312ae\">\n                <img\n                    title=\"20150403_143843.jpg\"\n                    alt=\"20150403_143843.jpg\"\n                    src=\"http:\/\/campodarsegovolley.it\/wordpress\/wp-content\/gallery\/foto20150404pn\/thumbs\/thumbs_20150403_143843.jpg\"\n                    width=\"120\"\n                    height=\"90\"\n                    style=\"max-width:100%;\"\n                \/>\n            <\/a>\n        <\/div>\n\t\t\t\t\t\t\t<\/div> \n\t\t\t\n        \n\t\t\t\t<div id=\"ngg-image-10\" class=\"ngg-gallery-thumbnail-box\" >\n\t\t\t\t        <div class=\"ngg-gallery-thumbnail\">\n            <a href=\"http:\/\/campodarsegovolley.it\/wordpress\/wp-content\/gallery\/foto20150404pn\/20150403_143850.jpg\"\n               title=\"\"\n               data-src=\"http:\/\/campodarsegovolley.it\/wordpress\/wp-content\/gallery\/foto20150404pn\/20150403_143850.jpg\"\n               data-thumbnail=\"http:\/\/campodarsegovolley.it\/wordpress\/wp-content\/gallery\/foto20150404pn\/thumbs\/thumbs_20150403_143850.jpg\"\n               data-image-id=\"2114\"\n               data-title=\"20150403_143850.jpg\"\n               data-description=\"\"\n               data-image-slug=\"20150403_143850-jpg\"\n               class=\"ngg-fancybox\" rel=\"edb6d5efce0fd1fd8aeed13a182312ae\">\n                <img\n                    title=\"20150403_143850.jpg\"\n                    alt=\"20150403_143850.jpg\"\n                    src=\"http:\/\/campodarsegovolley.it\/wordpress\/wp-content\/gallery\/foto20150404pn\/thumbs\/thumbs_20150403_143850.jpg\"\n                    width=\"120\"\n                    height=\"90\"\n                    style=\"max-width:100%;\"\n                \/>\n            <\/a>\n        <\/div>\n\t\t\t\t\t\t\t<\/div> \n\t\t\t\n        \n\t\t\t\t<div id=\"ngg-image-11\" class=\"ngg-gallery-thumbnail-box\" >\n\t\t\t\t        <div class=\"ngg-gallery-thumbnail\">\n            <a href=\"http:\/\/campodarsegovolley.it\/wordpress\/wp-content\/gallery\/foto20150404pn\/20150403_143901.jpg\"\n               title=\"\"\n               data-src=\"http:\/\/campodarsegovolley.it\/wordpress\/wp-content\/gallery\/foto20150404pn\/20150403_143901.jpg\"\n               data-thumbnail=\"http:\/\/campodarsegovolley.it\/wordpress\/wp-content\/gallery\/foto20150404pn\/thumbs\/thumbs_20150403_143901.jpg\"\n               data-image-id=\"2115\"\n               data-title=\"20150403_143901.jpg\"\n               data-description=\"\"\n               data-image-slug=\"20150403_143901-jpg\"\n               class=\"ngg-fancybox\" rel=\"edb6d5efce0fd1fd8aeed13a182312ae\">\n                <img\n                    title=\"20150403_143901.jpg\"\n                    alt=\"20150403_143901.jpg\"\n                    src=\"http:\/\/campodarsegovolley.it\/wordpress\/wp-content\/gallery\/foto20150404pn\/thumbs\/thumbs_20150403_143901.jpg\"\n                    width=\"120\"\n                    height=\"90\"\n                    style=\"max-width:100%;\"\n                \/>\n            <\/a>\n        <\/div>\n\t\t\t\t\t\t\t<\/div> \n\t\t\t\n        \n\t\t\t\t<div id=\"ngg-image-12\" class=\"ngg-gallery-thumbnail-box\" >\n\t\t\t\t        <div class=\"ngg-gallery-thumbnail\">\n            <a href=\"http:\/\/campodarsegovolley.it\/wordpress\/wp-content\/gallery\/foto20150404pn\/20150403_143912.jpg\"\n               title=\"\"\n               data-src=\"http:\/\/campodarsegovolley.it\/wordpress\/wp-content\/gallery\/foto20150404pn\/20150403_143912.jpg\"\n               data-thumbnail=\"http:\/\/campodarsegovolley.it\/wordpress\/wp-content\/gallery\/foto20150404pn\/thumbs\/thumbs_20150403_143912.jpg\"\n               data-image-id=\"2116\"\n               data-title=\"20150403_143912.jpg\"\n               data-description=\"\"\n               data-image-slug=\"20150403_143912-jpg\"\n               class=\"ngg-fancybox\" rel=\"edb6d5efce0fd1fd8aeed13a182312ae\">\n                <img\n                    title=\"20150403_143912.jpg\"\n                    alt=\"20150403_143912.jpg\"\n                    src=\"http:\/\/campodarsegovolley.it\/wordpress\/wp-content\/gallery\/foto20150404pn\/thumbs\/thumbs_20150403_143912.jpg\"\n                    width=\"120\"\n                    height=\"90\"\n                    style=\"max-width:100%;\"\n                \/>\n            <\/a>\n        <\/div>\n\t\t\t\t\t\t\t<\/div> \n\t\t\t\n        \n\t\t\t\t<div id=\"ngg-image-13\" class=\"ngg-gallery-thumbnail-box\" >\n\t\t\t\t        <div class=\"ngg-gallery-thumbnail\">\n            <a href=\"http:\/\/campodarsegovolley.it\/wordpress\/wp-content\/gallery\/foto20150404pn\/20150403_143925.jpg\"\n               title=\"\"\n               data-src=\"http:\/\/campodarsegovolley.it\/wordpress\/wp-content\/gallery\/foto20150404pn\/20150403_143925.jpg\"\n               data-thumbnail=\"http:\/\/campodarsegovolley.it\/wordpress\/wp-content\/gallery\/foto20150404pn\/thumbs\/thumbs_20150403_143925.jpg\"\n               data-image-id=\"2117\"\n               data-title=\"20150403_143925.jpg\"\n               data-description=\"\"\n               data-image-slug=\"20150403_143925-jpg\"\n               class=\"ngg-fancybox\" rel=\"edb6d5efce0fd1fd8aeed13a182312ae\">\n                <img\n                    title=\"20150403_143925.jpg\"\n                    alt=\"20150403_143925.jpg\"\n                    src=\"http:\/\/campodarsegovolley.it\/wordpress\/wp-content\/gallery\/foto20150404pn\/thumbs\/thumbs_20150403_143925.jpg\"\n                    width=\"120\"\n                    height=\"90\"\n                    style=\"max-width:100%;\"\n                \/>\n            <\/a>\n        <\/div>\n\t\t\t\t\t\t\t<\/div> \n\t\t\t\n        \n\t\t\t\t<div id=\"ngg-image-14\" class=\"ngg-gallery-thumbnail-box\" >\n\t\t\t\t        <div class=\"ngg-gallery-thumbnail\">\n            <a href=\"http:\/\/campodarsegovolley.it\/wordpress\/wp-content\/gallery\/foto20150404pn\/20150403_205503.jpg\"\n               title=\"\"\n               data-src=\"http:\/\/campodarsegovolley.it\/wordpress\/wp-content\/gallery\/foto20150404pn\/20150403_205503.jpg\"\n               data-thumbnail=\"http:\/\/campodarsegovolley.it\/wordpress\/wp-content\/gallery\/foto20150404pn\/thumbs\/thumbs_20150403_205503.jpg\"\n               data-image-id=\"2118\"\n               data-title=\"20150403_205503.jpg\"\n               data-description=\"\"\n               data-image-slug=\"20150403_205503-jpg\"\n               class=\"ngg-fancybox\" rel=\"edb6d5efce0fd1fd8aeed13a182312ae\">\n                <img\n                    title=\"20150403_205503.jpg\"\n                    alt=\"20150403_205503.jpg\"\n                    src=\"http:\/\/campodarsegovolley.it\/wordpress\/wp-content\/gallery\/foto20150404pn\/thumbs\/thumbs_20150403_205503.jpg\"\n                    width=\"120\"\n                    height=\"90\"\n                    style=\"max-width:100%;\"\n                \/>\n            <\/a>\n        <\/div>\n\t\t\t\t\t\t\t<\/div> \n\t\t\t\n        \n\t\t\t\t<div id=\"ngg-image-15\" class=\"ngg-gallery-thumbnail-box\" >\n\t\t\t\t        <div class=\"ngg-gallery-thumbnail\">\n            <a href=\"http:\/\/campodarsegovolley.it\/wordpress\/wp-content\/gallery\/foto20150404pn\/20150403_205513.jpg\"\n               title=\"\"\n               data-src=\"http:\/\/campodarsegovolley.it\/wordpress\/wp-content\/gallery\/foto20150404pn\/20150403_205513.jpg\"\n               data-thumbnail=\"http:\/\/campodarsegovolley.it\/wordpress\/wp-content\/gallery\/foto20150404pn\/thumbs\/thumbs_20150403_205513.jpg\"\n               data-image-id=\"2119\"\n               data-title=\"20150403_205513.jpg\"\n               data-description=\"\"\n               data-image-slug=\"20150403_205513-jpg\"\n               class=\"ngg-fancybox\" rel=\"edb6d5efce0fd1fd8aeed13a182312ae\">\n                <img\n                    title=\"20150403_205513.jpg\"\n                    alt=\"20150403_205513.jpg\"\n                    src=\"http:\/\/campodarsegovolley.it\/wordpress\/wp-content\/gallery\/foto20150404pn\/thumbs\/thumbs_20150403_205513.jpg\"\n                    width=\"120\"\n                    height=\"90\"\n                    style=\"max-width:100%;\"\n                \/>\n            <\/a>\n        <\/div>\n\t\t\t\t\t\t\t<\/div> \n\t\t\t\n        \n\t\t\t\t<div id=\"ngg-image-16\" class=\"ngg-gallery-thumbnail-box\" >\n\t\t\t\t        <div class=\"ngg-gallery-thumbnail\">\n            <a href=\"http:\/\/campodarsegovolley.it\/wordpress\/wp-content\/gallery\/foto20150404pn\/20150403_205519.jpg\"\n               title=\"\"\n               data-src=\"http:\/\/campodarsegovolley.it\/wordpress\/wp-content\/gallery\/foto20150404pn\/20150403_205519.jpg\"\n               data-thumbnail=\"http:\/\/campodarsegovolley.it\/wordpress\/wp-content\/gallery\/foto20150404pn\/thumbs\/thumbs_20150403_205519.jpg\"\n               data-image-id=\"2120\"\n               data-title=\"20150403_205519.jpg\"\n               data-description=\"\"\n               data-image-slug=\"20150403_205519-jpg\"\n               class=\"ngg-fancybox\" rel=\"edb6d5efce0fd1fd8aeed13a182312ae\">\n                <img\n                    title=\"20150403_205519.jpg\"\n                    alt=\"20150403_205519.jpg\"\n                    src=\"http:\/\/campodarsegovolley.it\/wordpress\/wp-content\/gallery\/foto20150404pn\/thumbs\/thumbs_20150403_205519.jpg\"\n                    width=\"120\"\n                    height=\"90\"\n                    style=\"max-width:100%;\"\n                \/>\n            <\/a>\n        <\/div>\n\t\t\t\t\t\t\t<\/div> \n\t\t\t\n        \n\t\t\t\t<div id=\"ngg-image-17\" class=\"ngg-gallery-thumbnail-box\" >\n\t\t\t\t        <div class=\"ngg-gallery-thumbnail\">\n            <a href=\"http:\/\/campodarsegovolley.it\/wordpress\/wp-content\/gallery\/foto20150404pn\/20150403_205524.jpg\"\n               title=\"\"\n               data-src=\"http:\/\/campodarsegovolley.it\/wordpress\/wp-content\/gallery\/foto20150404pn\/20150403_205524.jpg\"\n               data-thumbnail=\"http:\/\/campodarsegovolley.it\/wordpress\/wp-content\/gallery\/foto20150404pn\/thumbs\/thumbs_20150403_205524.jpg\"\n               data-image-id=\"2121\"\n               data-title=\"20150403_205524.jpg\"\n               data-description=\"\"\n               data-image-slug=\"20150403_205524-jpg\"\n               class=\"ngg-fancybox\" rel=\"edb6d5efce0fd1fd8aeed13a182312ae\">\n                <img\n                    title=\"20150403_205524.jpg\"\n                    alt=\"20150403_205524.jpg\"\n                    src=\"http:\/\/campodarsegovolley.it\/wordpress\/wp-content\/gallery\/foto20150404pn\/thumbs\/thumbs_20150403_205524.jpg\"\n                    width=\"120\"\n                    height=\"90\"\n                    style=\"max-width:100%;\"\n                \/>\n            <\/a>\n        <\/div>\n\t\t\t\t\t\t\t<\/div> \n\t\t\t\n        \n\t\t\t\t<div id=\"ngg-image-18\" class=\"ngg-gallery-thumbnail-box\" >\n\t\t\t\t        <div class=\"ngg-gallery-thumbnail\">\n            <a href=\"http:\/\/campodarsegovolley.it\/wordpress\/wp-content\/gallery\/foto20150404pn\/20150403_205529.jpg\"\n               title=\"\"\n               data-src=\"http:\/\/campodarsegovolley.it\/wordpress\/wp-content\/gallery\/foto20150404pn\/20150403_205529.jpg\"\n               data-thumbnail=\"http:\/\/campodarsegovolley.it\/wordpress\/wp-content\/gallery\/foto20150404pn\/thumbs\/thumbs_20150403_205529.jpg\"\n               data-image-id=\"2122\"\n               data-title=\"20150403_205529.jpg\"\n               data-description=\"\"\n               data-image-slug=\"20150403_205529-jpg\"\n               class=\"ngg-fancybox\" rel=\"edb6d5efce0fd1fd8aeed13a182312ae\">\n                <img\n                    title=\"20150403_205529.jpg\"\n                    alt=\"20150403_205529.jpg\"\n                    src=\"http:\/\/campodarsegovolley.it\/wordpress\/wp-content\/gallery\/foto20150404pn\/thumbs\/thumbs_20150403_205529.jpg\"\n                    width=\"120\"\n                    height=\"90\"\n                    style=\"max-width:100%;\"\n                \/>\n            <\/a>\n        <\/div>\n\t\t\t\t\t\t\t<\/div> \n\t\t\t\n        \n\t\t\t\t<div id=\"ngg-image-19\" class=\"ngg-gallery-thumbnail-box\" >\n\t\t\t\t        <div class=\"ngg-gallery-thumbnail\">\n            <a href=\"http:\/\/campodarsegovolley.it\/wordpress\/wp-content\/gallery\/foto20150404pn\/20150403_205538.jpg\"\n               title=\"\"\n               data-src=\"http:\/\/campodarsegovolley.it\/wordpress\/wp-content\/gallery\/foto20150404pn\/20150403_205538.jpg\"\n               data-thumbnail=\"http:\/\/campodarsegovolley.it\/wordpress\/wp-content\/gallery\/foto20150404pn\/thumbs\/thumbs_20150403_205538.jpg\"\n               data-image-id=\"2123\"\n               data-title=\"20150403_205538.jpg\"\n               data-description=\"\"\n               data-image-slug=\"20150403_205538-jpg\"\n               class=\"ngg-fancybox\" rel=\"edb6d5efce0fd1fd8aeed13a182312ae\">\n                <img\n                    title=\"20150403_205538.jpg\"\n                    alt=\"20150403_205538.jpg\"\n                    src=\"http:\/\/campodarsegovolley.it\/wordpress\/wp-content\/gallery\/foto20150404pn\/thumbs\/thumbs_20150403_205538.jpg\"\n                    width=\"120\"\n                    height=\"90\"\n                    style=\"max-width:100%;\"\n                \/>\n            <\/a>\n        <\/div>\n\t\t\t\t\t\t\t<\/div> \n\t\t\t\n        \n\t\t\n\t\t<!-- Pagination -->\n\t<div class='ngg-navigation'><span class=\"current\">1<\/span><a class=\"page-numbers\" data-pageid=\"2\" href=\"http:\/\/campodarsegovolley.it\/wordpress\/index.php\/nggallery\/page\/2?p=4358\">2<\/a><a class=\"page-numbers\" data-pageid=\"3\" href=\"http:\/\/campodarsegovolley.it\/wordpress\/index.php\/nggallery\/page\/3?p=4358\">3<\/a><a class=\"page-numbers\" data-pageid=\"4\" href=\"http:\/\/campodarsegovolley.it\/wordpress\/index.php\/nggallery\/page\/4?p=4358\">4<\/a><a class=\"page-numbers\" data-pageid=\"12\" href=\"http:\/\/campodarsegovolley.it\/wordpress\/index.php\/nggallery\/page\/12?p=4358\">12<\/a><a class=\"page-numbers\" data-pageid=\"13\" href=\"http:\/\/campodarsegovolley.it\/wordpress\/index.php\/nggallery\/page\/13?p=4358\">13<\/a><a class=\"page-numbers\" data-pageid=\"14\" href=\"http:\/\/campodarsegovolley.it\/wordpress\/index.php\/nggallery\/page\/14?p=4358\">14<\/a><a class=\"next\" data-pageid=\"2\" id=\"ngg-next-2\" href=\"http:\/\/campodarsegovolley.it\/wordpress\/index.php\/nggallery\/page\/2?p=4358\">&#9658;<\/a><\/div>\t<\/div>\n\n<p>&nbsp;<\/p>\n","protected":false},"excerpt":{"rendered":"<p>Seppur con numeri striminziti (7 atleti) venerd\u00ec 3 aprile siamo partiti da Campodarsego verso le ore 7.45 con destinazione San Quirino di Pordenone ove, alle ore 11.30 avevamo la prima gara con la \u201cRappresentativa del Friuli Venezia Giulia\u201d. Alla partenza, &hellip; <a href=\"http:\/\/campodarsegovolley.it\/wordpress\/?p=4358\">Continua a leggere<span class=\"meta-nav\">&rarr;<\/span><\/a><\/p>\n","protected":false},"author":2,"featured_media":0,"comment_status":"open","ping_status":"open","sticky":false,"template":"","format":"standard","meta":{"ngg_post_thumbnail":0},"categories":[10],"tags":[],"_links":{"self":[{"href":"http:\/\/campodarsegovolley.it\/wordpress\/index.php?rest_route=\/wp\/v2\/posts\/4358"}],"collection":[{"href":"http:\/\/campodarsegovolley.it\/wordpress\/index.php?rest_route=\/wp\/v2\/posts"}],"about":[{"href":"http:\/\/campodarsegovolley.it\/wordpress\/index.php?rest_route=\/wp\/v2\/types\/post"}],"author":[{"embeddable":true,"href":"http:\/\/campodarsegovolley.it\/wordpress\/index.php?rest_route=\/wp\/v2\/users\/2"}],"replies":[{"embeddable":true,"href":"http:\/\/campodarsegovolley.it\/wordpress\/index.php?rest_route=%2Fwp%2Fv2%2Fcomments&post=4358"}],"version-history":[{"count":1,"href":"http:\/\/campodarsegovolley.it\/wordpress\/index.php?rest_route=\/wp\/v2\/posts\/4358\/revisions"}],"predecessor-version":[{"id":4359,"href":"http:\/\/campodarsegovolley.it\/wordpress\/index.php?rest_route=\/wp\/v2\/posts\/4358\/revisions\/4359"}],"wp:attachment":[{"href":"http:\/\/campodarsegovolley.it\/wordpress\/index.php?rest_route=%2Fwp%2Fv2%2Fmedia&parent=4358"}],"wp:term":[{"taxonomy":"category","embeddable":true,"href":"http:\/\/campodarsegovolley.it\/wordpress\/index.php?rest_route=%2Fwp%2Fv2%2Fcategories&post=4358"},{"taxonomy":"post_tag","embeddable":true,"href":"http:\/\/campodarsegovolley.it\/wordpress\/index.php?rest_route=%2Fwp%2Fv2%2Ftags&post=4358"}],"curies":[{"name":"wp","href":"https:\/\/api.w.org\/{rel}","templated":true}]}}